{"id":20269,"date":"2026-04-28T10:24:18","date_gmt":"2026-04-28T16:24:18","guid":{"rendered":"https:\/\/fundaciongloriakriete.org\/?p=20269"},"modified":"2026-04-28T10:24:19","modified_gmt":"2026-04-28T16:24:19","slug":"kodigo-programa-apoyado-de-la-fgk-recibe-premio-lideres-tech-2026","status":"publish","type":"post","link":"https:\/\/fundaciongloriakriete.org\/en_us\/kodigo-programa-apoyado-de-la-fgk-recibe-premio-lideres-tech-2026\/","title":{"rendered":"Kodigo, Programa Apoyado de la FGK recibe premio: L\u00edderes\u00a0Tech\u00a02026"},"content":{"rendered":"<div data-elementor-type=\"wp-post\" data-elementor-id=\"20269\" class=\"elementor elementor-20269\" data-elementor-post-type=\"post\">\n\t\t\t\t\t\t<section class=\"elementor-section elementor-top-section elementor-element elementor-element-55d857fb elementor-section-full_width elementor-section-height-default elementor-section-height-default\" data-id=\"55d857fb\" data-element_type=\"section\" data-settings=\"{&quot;background_background&quot;:&quot;classic&quot;}\">\n\t\t\t\t\t\t<div class=\"elementor-container elementor-column-gap-default\">\n\t\t\t\t\t<div class=\"elementor-column elementor-col-100 elementor-top-column elementor-element elementor-element-4bfbb0b1\" data-id=\"4bfbb0b1\" data-element_type=\"column\">\n\t\t\t<div class=\"elementor-widget-wrap elementor-element-populated\">\n\t\t\t\t\t\t<div class=\"elementor-element elementor-element-6196d050 elementor-tablet-align-center elementor-widget elementor-widget-post-info\" data-id=\"6196d050\" data-element_type=\"widget\" data-widget_type=\"post-info.default\">\n\t\t\t\t<div class=\"elementor-widget-container\">\n\t\t\t\t\t\t\t<ul class=\"elementor-inline-items elementor-icon-list-items elementor-post-info\">\n\t\t\t\t\t\t\t\t<li class=\"elementor-icon-list-item elementor-repeater-item-124edcf elementor-inline-item\" itemprop=\"about\">\n\t\t\t\t\t\t\t\t\t\t\t\t\t<span class=\"elementor-icon-list-text elementor-post-info__item elementor-post-info__item--type-terms\">\n\t\t\t\t\t\t\t\t\t\t<span class=\"elementor-post-info__terms-list\">\n\t\t\t\t<a href=\"https:\/\/fundaciongloriakriete.org\/en_us\/category\/noticias\/\" class=\"elementor-post-info__terms-list-item\">Noticias<\/a>\t\t\t\t<\/span>\n\t\t\t\t\t<\/span>\n\t\t\t\t\t\t\t\t<\/li>\n\t\t\t\t<\/ul>\n\t\t\t\t\t\t<\/div>\n\t\t\t\t<\/div>\n\t\t\t\t<div class=\"elementor-element elementor-element-1bd795be elementor-widget elementor-widget-theme-post-title elementor-page-title elementor-widget-heading\" data-id=\"1bd795be\" data-element_type=\"widget\" data-widget_type=\"theme-post-title.default\">\n\t\t\t\t<div class=\"elementor-widget-container\">\n\t\t\t\t\t<h1 class=\"elementor-heading-title elementor-size-default\">Kodigo, Programa Apoyado de la FGK recibe premio: L\u00edderes\u00a0Tech\u00a02026<\/h1>\t\t\t\t<\/div>\n\t\t\t\t<\/div>\n\t\t\t\t\t<\/div>\n\t\t<\/div>\n\t\t\t\t\t<\/div>\n\t\t<\/section>\n\t\t\t\t<section class=\"elementor-section elementor-top-section elementor-element elementor-element-2b038ebd elementor-section-full_width elementor-section-height-default elementor-section-height-default\" data-id=\"2b038ebd\" data-element_type=\"section\">\n\t\t\t\t\t\t<div class=\"elementor-container elementor-column-gap-default\">\n\t\t\t\t\t<div class=\"elementor-column elementor-col-66 elementor-top-column elementor-element elementor-element-1f27d1aa\" data-id=\"1f27d1aa\" data-element_type=\"column\" data-settings=\"{&quot;background_background&quot;:&quot;classic&quot;}\">\n\t\t\t<div class=\"elementor-widget-wrap elementor-element-populated\">\n\t\t\t\t\t\t<div class=\"elementor-element elementor-element-e1c6430 elementor-arrows-position-inside elementor-pagination-position-outside elementor-widget elementor-widget-image-carousel\" data-id=\"e1c6430\" data-element_type=\"widget\" data-settings=\"{&quot;slides_to_show&quot;:&quot;1&quot;,&quot;navigation&quot;:&quot;both&quot;,&quot;autoplay&quot;:&quot;yes&quot;,&quot;pause_on_hover&quot;:&quot;yes&quot;,&quot;pause_on_interaction&quot;:&quot;yes&quot;,&quot;autoplay_speed&quot;:5000,&quot;infinite&quot;:&quot;yes&quot;,&quot;effect&quot;:&quot;slide&quot;,&quot;speed&quot;:500}\" data-widget_type=\"image-carousel.default\">\n\t\t\t\t<div class=\"elementor-widget-container\">\n\t\t\t\t\t\t\t<div class=\"elementor-image-carousel-wrapper swiper\" role=\"region\" aria-roledescription=\"carousel\" aria-label=\"Carrusel de im\u00e1genes\" dir=\"ltr\">\n\t\t\t<div class=\"elementor-image-carousel swiper-wrapper\" aria-live=\"off\">\n\t\t\t\t\t\t\t\t<div class=\"swiper-slide\" role=\"group\" aria-roledescription=\"slide\" aria-label=\"1 of 6\"><figure class=\"swiper-slide-inner\"><img decoding=\"async\" class=\"swiper-slide-image\" src=\"https:\/\/fundaciongloriakriete.org\/wp-content\/uploads\/2026\/04\/Reconocimiento-Kodigo-17-1024x683.jpg\" alt=\"Reconocimiento Kodigo-17\" \/><\/figure><\/div><div class=\"swiper-slide\" role=\"group\" aria-roledescription=\"slide\" aria-label=\"2 of 6\"><figure class=\"swiper-slide-inner\"><img decoding=\"async\" class=\"swiper-slide-image\" src=\"https:\/\/fundaciongloriakriete.org\/wp-content\/uploads\/2026\/04\/Reconocimiento-Kodigo-18-1024x683.jpg\" alt=\"Reconocimiento Kodigo-18\" \/><\/figure><\/div><div class=\"swiper-slide\" role=\"group\" aria-roledescription=\"slide\" aria-label=\"3 of 6\"><figure class=\"swiper-slide-inner\"><img decoding=\"async\" class=\"swiper-slide-image\" src=\"https:\/\/fundaciongloriakriete.org\/wp-content\/uploads\/2026\/04\/Reconocimiento-Kodigo-2-1024x683.jpg\" alt=\"Reconocimiento Kodigo-2\" \/><\/figure><\/div><div class=\"swiper-slide\" role=\"group\" aria-roledescription=\"slide\" aria-label=\"4 of 6\"><figure class=\"swiper-slide-inner\"><img decoding=\"async\" class=\"swiper-slide-image\" src=\"https:\/\/fundaciongloriakriete.org\/wp-content\/uploads\/2026\/04\/Reconocimiento-Kodigo-11-1024x683.jpg\" alt=\"Reconocimiento Kodigo-11\" \/><\/figure><\/div><div class=\"swiper-slide\" role=\"group\" aria-roledescription=\"slide\" aria-label=\"5 of 6\"><figure class=\"swiper-slide-inner\"><img decoding=\"async\" class=\"swiper-slide-image\" src=\"https:\/\/fundaciongloriakriete.org\/wp-content\/uploads\/2026\/04\/Reconocimiento-Kodigo-7-1024x683.jpg\" alt=\"Reconocimiento Kodigo-7\" \/><\/figure><\/div><div class=\"swiper-slide\" role=\"group\" aria-roledescription=\"slide\" aria-label=\"6 of 6\"><figure class=\"swiper-slide-inner\"><img decoding=\"async\" class=\"swiper-slide-image\" src=\"https:\/\/fundaciongloriakriete.org\/wp-content\/uploads\/2026\/04\/Reconocimiento-Kodigo-14-1024x683.jpg\" alt=\"Reconocimiento Kodigo-14\" \/><\/figure><\/div>\t\t\t<\/div>\n\t\t\t\t\t\t\t\t\t\t\t\t<div class=\"elementor-swiper-button elementor-swiper-button-prev\" role=\"button\" tabindex=\"0\">\n\t\t\t\t\t\t<i aria-hidden=\"true\" class=\"eicon-chevron-left\"><\/i>\t\t\t\t\t<\/div>\n\t\t\t\t\t<div class=\"elementor-swiper-button elementor-swiper-button-next\" role=\"button\" tabindex=\"0\">\n\t\t\t\t\t\t<i aria-hidden=\"true\" class=\"eicon-chevron-right\"><\/i>\t\t\t\t\t<\/div>\n\t\t\t\t\n\t\t\t\t\t\t\t\t\t<div class=\"swiper-pagination\"><\/div>\n\t\t\t\t\t\t\t\t\t<\/div>\n\t\t\t\t\t\t<\/div>\n\t\t\t\t<\/div>\n\t\t\t\t<div class=\"elementor-element elementor-element-257f6744 elementor-share-buttons--skin-framed elementor-share-buttons--shape-circle elementor-share-buttons--align-center elementor-share-buttons--view-icon-text elementor-grid-0 elementor-share-buttons--color-official elementor-widget elementor-widget-share-buttons\" data-id=\"257f6744\" data-element_type=\"widget\" data-widget_type=\"share-buttons.default\">\n\t\t\t\t<div class=\"elementor-widget-container\">\n\t\t\t\t\t\t\t<div class=\"elementor-grid\">\n\t\t\t\t\t\t\t\t<div class=\"elementor-grid-item\">\n\t\t\t\t\t\t<div\n\t\t\t\t\t\t\tclass=\"elementor-share-btn elementor-share-btn_facebook\"\n\t\t\t\t\t\t\trole=\"button\"\n\t\t\t\t\t\t\ttabindex=\"0\"\n\t\t\t\t\t\t\taria-label=\"Share on facebook\"\n\t\t\t\t\t\t>\n\t\t\t\t\t\t\t\t\t\t\t\t\t\t\t<span class=\"elementor-share-btn__icon\">\n\t\t\t\t\t\t\t\t<i class=\"fab fa-facebook\" aria-hidden=\"true\"><\/i>\t\t\t\t\t\t\t<\/span>\n\t\t\t\t\t\t\t\t\t\t\t\t\t\t\t\t\t\t\t\t\t\t<div class=\"elementor-share-btn__text\">\n\t\t\t\t\t\t\t\t\t\t\t\t\t\t\t\t\t\t\t<span class=\"elementor-share-btn__title\">\n\t\t\t\t\t\t\t\t\t\tComparte\t\t\t\t\t\t\t\t\t<\/span>\n\t\t\t\t\t\t\t\t\t\t\t\t\t\t\t\t\t<\/div>\n\t\t\t\t\t\t\t\t\t\t\t\t\t<\/div>\n\t\t\t\t\t<\/div>\n\t\t\t\t\t\t\t\t\t<div class=\"elementor-grid-item\">\n\t\t\t\t\t\t<div\n\t\t\t\t\t\t\tclass=\"elementor-share-btn elementor-share-btn_twitter\"\n\t\t\t\t\t\t\trole=\"button\"\n\t\t\t\t\t\t\ttabindex=\"0\"\n\t\t\t\t\t\t\taria-label=\"Share on twitter\"\n\t\t\t\t\t\t>\n\t\t\t\t\t\t\t\t\t\t\t\t\t\t\t<span class=\"elementor-share-btn__icon\">\n\t\t\t\t\t\t\t\t<i class=\"fab fa-twitter\" aria-hidden=\"true\"><\/i>\t\t\t\t\t\t\t<\/span>\n\t\t\t\t\t\t\t\t\t\t\t\t\t\t\t\t\t\t\t\t\t\t<div class=\"elementor-share-btn__text\">\n\t\t\t\t\t\t\t\t\t\t\t\t\t\t\t\t\t\t\t<span class=\"elementor-share-btn__title\">\n\t\t\t\t\t\t\t\t\t\tTuitea\t\t\t\t\t\t\t\t\t<\/span>\n\t\t\t\t\t\t\t\t\t\t\t\t\t\t\t\t\t<\/div>\n\t\t\t\t\t\t\t\t\t\t\t\t\t<\/div>\n\t\t\t\t\t<\/div>\n\t\t\t\t\t\t\t\t\t<div class=\"elementor-grid-item\">\n\t\t\t\t\t\t<div\n\t\t\t\t\t\t\tclass=\"elementor-share-btn elementor-share-btn_linkedin\"\n\t\t\t\t\t\t\trole=\"button\"\n\t\t\t\t\t\t\ttabindex=\"0\"\n\t\t\t\t\t\t\taria-label=\"Share on linkedin\"\n\t\t\t\t\t\t>\n\t\t\t\t\t\t\t\t\t\t\t\t\t\t\t<span class=\"elementor-share-btn__icon\">\n\t\t\t\t\t\t\t\t<i class=\"fab fa-linkedin\" aria-hidden=\"true\"><\/i>\t\t\t\t\t\t\t<\/span>\n\t\t\t\t\t\t\t\t\t\t\t\t\t\t\t\t\t\t\t\t\t\t<div class=\"elementor-share-btn__text\">\n\t\t\t\t\t\t\t\t\t\t\t\t\t\t\t\t\t\t\t<span class=\"elementor-share-btn__title\">\n\t\t\t\t\t\t\t\t\t\tComparte\t\t\t\t\t\t\t\t\t<\/span>\n\t\t\t\t\t\t\t\t\t\t\t\t\t\t\t\t\t<\/div>\n\t\t\t\t\t\t\t\t\t\t\t\t\t<\/div>\n\t\t\t\t\t<\/div>\n\t\t\t\t\t\t<\/div>\n\t\t\t\t\t\t<\/div>\n\t\t\t\t<\/div>\n\t\t\t\t<div class=\"elementor-element elementor-element-07321f6 elementor-widget elementor-widget-text-editor\" data-id=\"07321f6\" data-element_type=\"widget\" data-widget_type=\"text-editor.default\">\n\t\t\t\t<div class=\"elementor-widget-container\">\n\t\t\t\t\t\t\t\t\t<p><span data-contrast=\"auto\">Kodigo, Programa Apoyado por la Fundaci\u00f3n Gloria\u00a0Kriete, recibi\u00f3 el premio a <strong>L\u00edderes\u00a0Tech\u00a02026 en los Premios DYN (Derechos y Negocios),<\/strong> en reconocimiento al trabajo que realiza junto a Key\u00a0Institute\u00a0para impulsar el talento digital en El Salvador.<\/span><span data-ccp-props=\"{&quot;134233117&quot;:false,&quot;134233118&quot;:false,&quot;335551550&quot;:6,&quot;335551620&quot;:6,&quot;335559738&quot;:240,&quot;335559739&quot;:240}\">\u00a0<\/span><\/p><p><span data-contrast=\"auto\">Kodigo\u00a0se ha consolidado como un referente en formaci\u00f3n tecnol\u00f3gica a trav\u00e9s de\u00a0bootcamps\u00a0intensivos enfocados en inteligencia artificial, automatizaci\u00f3n y desarrollo de software. Su modelo conecta a las personas con oportunidades reales dentro de la industria, reduciendo brechas y abriendo caminos hacia el empleo formal.<\/span><span data-ccp-props=\"{&quot;134233117&quot;:false,&quot;134233118&quot;:false,&quot;335551550&quot;:6,&quot;335551620&quot;:6,&quot;335559738&quot;:240,&quot;335559739&quot;:240}\">\u00a0<\/span><\/p><p><span data-contrast=\"auto\">La empresa, <strong>liderada por su CEO y fundador Fernando\u00a0Kriete,<\/strong> ha destacado por su aporte al desarrollo digital del pa\u00eds, formando talento con habilidades altamente demandadas por el mercado actual. Al recibir el reconocimiento, destac\u00f3 que hoy <strong>saber utilizar la inteligencia artificial no es un lujo, sino la llave que abre una abundancia de oportunidades,<\/strong> y que quienes dominen estas herramientas ser\u00e1n protagonistas de los pr\u00f3ximos a\u00f1os en sus empresas, industrias y pa\u00edses.<\/span><span data-ccp-props=\"{&quot;134233117&quot;:false,&quot;134233118&quot;:false,&quot;335551550&quot;:6,&quot;335551620&quot;:6,&quot;335559738&quot;:240,&quot;335559739&quot;:240}\">\u00a0<\/span><\/p><p><span data-contrast=\"auto\">Asimismo, reafirm\u00f3 que la misi\u00f3n de\u00a0Kodigo\u00a0es asegurar que esos protagonistas globales tambi\u00e9n sean centroamericanos, impulsando talento preparado para competir y liderar a nivel internacional.<\/span><span data-ccp-props=\"{&quot;134233117&quot;:false,&quot;134233118&quot;:false,&quot;335551550&quot;:6,&quot;335551620&quot;:6,&quot;335559738&quot;:240,&quot;335559739&quot;:240}\">\u00a0<\/span><\/p><p><span data-contrast=\"auto\">El equipo de\u00a0Kodigo\u00a0expres\u00f3 que haber sido nominados ya representaba un orgullo, pero recibir el premio hace este reconocimiento a\u00fan m\u00e1s significativo, como reflejo del camino construido y la trayectoria recorrida. Tambi\u00e9n destacaron que este logro es resultado del esfuerzo colectivo detr\u00e1s de cada iniciativa, as\u00ed como del apoyo de estudiantes, aliados estrat\u00e9gicos y empresas que han sido parte del proceso.<\/span><span data-ccp-props=\"{&quot;134233117&quot;:false,&quot;134233118&quot;:false,&quot;335551550&quot;:6,&quot;335551620&quot;:6,&quot;335559738&quot;:240,&quot;335559739&quot;:240}\">\u00a0<\/span><\/p><p><span data-contrast=\"auto\">M\u00e1s que un premio, este reconocimiento demuestra que cuando se apuesta por la educaci\u00f3n tecnol\u00f3gica y se trabaja con prop\u00f3sito, se generan cambios reales y nuevas oportunidades para El Salvador.<\/span><span data-ccp-props=\"{&quot;134233117&quot;:false,&quot;134233118&quot;:false,&quot;335551550&quot;:6,&quot;335551620&quot;:6,&quot;335559738&quot;:240,&quot;335559739&quot;:240}\">\u00a0<\/span><\/p><p><span data-contrast=\"auto\">Conoce m\u00e1s en:<em><strong> www.kodigo.org<\/strong><\/em><\/span><\/p>\t\t\t\t\t\t\t\t<\/div>\n\t\t\t\t<\/div>\n\t\t\t\t<div class=\"elementor-element elementor-element-5e96ce16 elementor-author-box--align-left elementor-widget elementor-widget-author-box\" data-id=\"5e96ce16\" data-element_type=\"widget\" data-widget_type=\"author-box.default\">\n\t\t\t\t<div class=\"elementor-widget-container\">\n\t\t\t\t\t\t\t<div class=\"elementor-author-box\">\n\t\t\t\t\t\t\t<div  class=\"elementor-author-box__avatar\">\n\t\t\t\t\t<img decoding=\"async\" src=\"https:\/\/fundaciongloriakriete.org\/wp-content\/uploads\/2022\/11\/LogoTextoNegro.png\" alt=\"Picture of Fundaci\u00f3n Gloria Kriete\" loading=\"lazy\">\n\t\t\t\t<\/div>\n\t\t\t\n\t\t\t<div class=\"elementor-author-box__text\">\n\t\t\t\t\t\t\t\t\t<div >\n\t\t\t\t\t\t<h4 class=\"elementor-author-box__name\">\n\t\t\t\t\t\t\tFundaci\u00f3n Gloria Kriete\t\t\t\t\t\t<\/h4>\n\t\t\t\t\t<\/div>\n\t\t\t\t\n\t\t\t\t\t\t\t\t\t<div class=\"elementor-author-box__bio\">\n\t\t\t\t\t\t<p>En Fundaci\u00f3n Gloria Kriete creemos que todos los seres humanos merecen las herramientas que contribuyan a cambiar su vida y la de su entorno; por eso hemos creado este espacio, con el objetivo de dar a conocer todas las actividades que la FGK y sus programas permanentes realizan en favor de la construcci\u00f3n de una sociedad m\u00e1s equitativa, justa y solidaria.<\/p>\n\t\t\t\t\t<\/div>\n\t\t\t\t\n\t\t\t\t\t\t\t<\/div>\n\t\t<\/div>\n\t\t\t\t\t\t<\/div>\n\t\t\t\t<\/div>\n\t\t\t\t\t<\/div>\n\t\t<\/div>\n\t\t\t\t<div class=\"elementor-column elementor-col-33 elementor-top-column elementor-element elementor-element-19bdd49d elementor-hidden-mobile\" data-id=\"19bdd49d\" data-element_type=\"column\">\n\t\t\t<div class=\"elementor-widget-wrap elementor-element-populated\">\n\t\t\t\t\t\t<div class=\"elementor-element elementor-element-4dd4cbbe elementor-search-form--skin-classic elementor-search-form--button-type-icon elementor-search-form--icon-search elementor-widget elementor-widget-search-form\" data-id=\"4dd4cbbe\" data-element_type=\"widget\" data-settings=\"{&quot;skin&quot;:&quot;classic&quot;}\" data-widget_type=\"search-form.default\">\n\t\t\t\t<div class=\"elementor-widget-container\">\n\t\t\t\t\t\t\t<search role=\"search\">\n\t\t\t<form class=\"elementor-search-form\" action=\"https:\/\/fundaciongloriakriete.org\/en_us\" method=\"get\" data-trp-original-action=\"https:\/\/fundaciongloriakriete.org\/en_us\">\n\t\t\t\t\t\t\t\t\t\t\t\t<div class=\"elementor-search-form__container\">\n\t\t\t\t\t<label class=\"elementor-screen-only\" for=\"elementor-search-form-4dd4cbbe\">Search<\/label>\n\n\t\t\t\t\t\n\t\t\t\t\t<input id=\"elementor-search-form-4dd4cbbe\" placeholder=\"Buscar...\" class=\"elementor-search-form__input\" type=\"search\" name=\"s\" value=\"\">\n\t\t\t\t\t\n\t\t\t\t\t\t\t\t\t\t\t<button class=\"elementor-search-form__submit\" type=\"submit\" aria-label=\"Search\">\n\t\t\t\t\t\t\t\t\t\t\t\t\t\t\t<i aria-hidden=\"true\" class=\"fas fa-search\"><\/i>\t\t\t\t\t\t\t\t\t\t\t\t\t<\/button>\n\t\t\t\t\t\n\t\t\t\t\t\t\t\t\t<\/div>\n\t\t\t<input type=\"hidden\" name=\"trp-form-language\" value=\"en_us\"\/><\/form>\n\t\t<\/search>\n\t\t\t\t\t\t<\/div>\n\t\t\t\t<\/div>\n\t\t\t\t<div class=\"elementor-element elementor-element-59056a17 elementor-widget elementor-widget-heading\" data-id=\"59056a17\" data-element_type=\"widget\" data-widget_type=\"heading.default\">\n\t\t\t\t<div class=\"elementor-widget-container\">\n\t\t\t\t\t<h4 class=\"elementor-heading-title elementor-size-default\">Sobre Nosotros<\/h4>\t\t\t\t<\/div>\n\t\t\t\t<\/div>\n\t\t\t\t<div class=\"elementor-element elementor-element-6f69b43a elementor-widget elementor-widget-text-editor\" data-id=\"6f69b43a\" data-element_type=\"widget\" data-widget_type=\"text-editor.default\">\n\t\t\t\t<div class=\"elementor-widget-container\">\n\t\t\t\t\t\t\t\t\t<p>Somos los que multiplican la transformaci\u00f3n para que el impacto trascienda en sus vidas y en la de los que los rodean.<\/p>\t\t\t\t\t\t\t\t<\/div>\n\t\t\t\t<\/div>\n\t\t\t\t<div class=\"elementor-element elementor-element-6601d3b8 elementor-shape-circle elementor-hidden-tablet elementor-grid-0 e-grid-align-center elementor-widget elementor-widget-social-icons\" data-id=\"6601d3b8\" data-element_type=\"widget\" data-widget_type=\"social-icons.default\">\n\t\t\t\t<div class=\"elementor-widget-container\">\n\t\t\t\t\t\t\t<div class=\"elementor-social-icons-wrapper elementor-grid\">\n\t\t\t\t\t\t\t<span class=\"elementor-grid-item\">\n\t\t\t\t\t<a class=\"elementor-icon elementor-social-icon elementor-social-icon-facebook elementor-repeater-item-98ab59e\" href=\"https:\/\/www.facebook.com\/fundacionkriete\" target=\"_blank\">\n\t\t\t\t\t\t<span class=\"elementor-screen-only\">Facebook<\/span>\n\t\t\t\t\t\t<i class=\"fab fa-facebook\"><\/i>\t\t\t\t\t<\/a>\n\t\t\t\t<\/span>\n\t\t\t\t\t\t\t<span class=\"elementor-grid-item\">\n\t\t\t\t\t<a class=\"elementor-icon elementor-social-icon elementor-social-icon-instagram elementor-repeater-item-871e738\" href=\"https:\/\/www.instagram.com\/fgk_sv\/\" target=\"_blank\">\n\t\t\t\t\t\t<span class=\"elementor-screen-only\">Instagram<\/span>\n\t\t\t\t\t\t<i class=\"fab fa-instagram\"><\/i>\t\t\t\t\t<\/a>\n\t\t\t\t<\/span>\n\t\t\t\t\t\t\t<span class=\"elementor-grid-item\">\n\t\t\t\t\t<a class=\"elementor-icon elementor-social-icon elementor-social-icon-linkedin elementor-repeater-item-e94273a\" href=\"https:\/\/www.linkedin.com\/company\/fundacion-gloria-kriete\/\" target=\"_blank\">\n\t\t\t\t\t\t<span class=\"elementor-screen-only\">Linkedin<\/span>\n\t\t\t\t\t\t<i class=\"fab fa-linkedin\"><\/i>\t\t\t\t\t<\/a>\n\t\t\t\t<\/span>\n\t\t\t\t\t\t\t<span class=\"elementor-grid-item\">\n\t\t\t\t\t<a class=\"elementor-icon elementor-social-icon elementor-social-icon-twitter elementor-repeater-item-7a353ac\" href=\"https:\/\/twitter.com\/fgk_sv\" target=\"_blank\">\n\t\t\t\t\t\t<span class=\"elementor-screen-only\">Twitter<\/span>\n\t\t\t\t\t\t<i class=\"fab fa-twitter\"><\/i>\t\t\t\t\t<\/a>\n\t\t\t\t<\/span>\n\t\t\t\t\t\t\t<span class=\"elementor-grid-item\">\n\t\t\t\t\t<a class=\"elementor-icon elementor-social-icon elementor-social-icon-youtube elementor-repeater-item-ac6a796\" href=\"https:\/\/youtube.com\/channel\/UCfqbMBVIlAg72wWREkMbkPA\" target=\"_blank\">\n\t\t\t\t\t\t<span class=\"elementor-screen-only\">Youtube<\/span>\n\t\t\t\t\t\t<i class=\"fab fa-youtube\"><\/i>\t\t\t\t\t<\/a>\n\t\t\t\t<\/span>\n\t\t\t\t\t<\/div>\n\t\t\t\t\t\t<\/div>\n\t\t\t\t<\/div>\n\t\t\t\t<div class=\"elementor-element elementor-element-4147d32b elementor-widget elementor-widget-heading\" data-id=\"4147d32b\" data-element_type=\"widget\" data-widget_type=\"heading.default\">\n\t\t\t\t<div class=\"elementor-widget-container\">\n\t\t\t\t\t<h4 class=\"elementor-heading-title elementor-size-default\">Publicaciones recientes<\/h4>\t\t\t\t<\/div>\n\t\t\t\t<\/div>\n\t\t\t\t<div class=\"elementor-element elementor-element-67ea7ea4 elementor-grid-1 elementor-posts--thumbnail-left elementor-grid-tablet-2 elementor-grid-mobile-1 elementor-widget elementor-widget-posts\" data-id=\"67ea7ea4\" data-element_type=\"widget\" data-settings=\"{&quot;classic_columns&quot;:&quot;1&quot;,&quot;classic_row_gap&quot;:{&quot;unit&quot;:&quot;px&quot;,&quot;size&quot;:20,&quot;sizes&quot;:[]},&quot;classic_columns_tablet&quot;:&quot;2&quot;,&quot;classic_columns_mobile&quot;:&quot;1&quot;,&quot;classic_row_gap_widescreen&quot;:{&quot;unit&quot;:&quot;px&quot;,&quot;size&quot;:&quot;&quot;,&quot;sizes&quot;:[]},&quot;classic_row_gap_laptop&quot;:{&quot;unit&quot;:&quot;px&quot;,&quot;size&quot;:&quot;&quot;,&quot;sizes&quot;:[]},&quot;classic_row_gap_tablet_extra&quot;:{&quot;unit&quot;:&quot;px&quot;,&quot;size&quot;:&quot;&quot;,&quot;sizes&quot;:[]},&quot;classic_row_gap_tablet&quot;:{&quot;unit&quot;:&quot;px&quot;,&quot;size&quot;:&quot;&quot;,&quot;sizes&quot;:[]},&quot;classic_row_gap_mobile_extra&quot;:{&quot;unit&quot;:&quot;px&quot;,&quot;size&quot;:&quot;&quot;,&quot;sizes&quot;:[]},&quot;classic_row_gap_mobile&quot;:{&quot;unit&quot;:&quot;px&quot;,&quot;size&quot;:&quot;&quot;,&quot;sizes&quot;:[]}}\" data-widget_type=\"posts.classic\">\n\t\t\t\t<div class=\"elementor-widget-container\">\n\t\t\t\t\t\t\t<div class=\"elementor-posts-container elementor-posts elementor-posts--skin-classic elementor-grid\">\n\t\t\t\t<article class=\"elementor-post elementor-grid-item post-20269 post type-post status-publish format-standard has-post-thumbnail hentry category-noticias tag-digital tag-innovacion tag-premio tag-reconocimiento tag-tecnologia\">\n\t\t\t\t<a class=\"elementor-post__thumbnail__link\" href=\"https:\/\/fundaciongloriakriete.org\/en_us\/kodigo-programa-apoyado-de-la-fgk-recibe-premio-lideres-tech-2026\/\" tabindex=\"-1\" >\n\t\t\t<div class=\"elementor-post__thumbnail\"><img fetchpriority=\"high\" decoding=\"async\" width=\"300\" height=\"200\" src=\"https:\/\/fundaciongloriakriete.org\/wp-content\/uploads\/2026\/04\/Reconocimiento-Kodigo-17-300x200.jpg\" class=\"attachment-medium size-medium wp-image-20277\" alt=\"\" srcset=\"https:\/\/fundaciongloriakriete.org\/wp-content\/uploads\/2026\/04\/Reconocimiento-Kodigo-17-300x200.jpg 300w, https:\/\/fundaciongloriakriete.org\/wp-content\/uploads\/2026\/04\/Reconocimiento-Kodigo-17-1024x683.jpg 1024w, https:\/\/fundaciongloriakriete.org\/wp-content\/uploads\/2026\/04\/Reconocimiento-Kodigo-17-768x512.jpg 768w, https:\/\/fundaciongloriakriete.org\/wp-content\/uploads\/2026\/04\/Reconocimiento-Kodigo-17-1536x1024.jpg 1536w, https:\/\/fundaciongloriakriete.org\/wp-content\/uploads\/2026\/04\/Reconocimiento-Kodigo-17-2048x1365.jpg 2048w, https:\/\/fundaciongloriakriete.org\/wp-content\/uploads\/2026\/04\/Reconocimiento-Kodigo-17-18x12.jpg 18w\" sizes=\"(max-width: 300px) 100vw, 300px\" \/><\/div>\n\t\t<\/a>\n\t\t\t\t<div class=\"elementor-post__text\">\n\t\t\t\t<h3 class=\"elementor-post__title\">\n\t\t\t<a href=\"https:\/\/fundaciongloriakriete.org\/en_us\/kodigo-programa-apoyado-de-la-fgk-recibe-premio-lideres-tech-2026\/\" >\n\t\t\t\tKodigo, Programa Apoyado de la FGK recibe premio: L\u00edderes\u00a0Tech\u00a02026\t\t\t<\/a>\n\t\t<\/h3>\n\t\t\n\t\t<a class=\"elementor-post__read-more\" href=\"https:\/\/fundaciongloriakriete.org\/en_us\/kodigo-programa-apoyado-de-la-fgk-recibe-premio-lideres-tech-2026\/\" aria-label=\"Read more about Kodigo, Programa Apoyado de la FGK recibe premio: L\u00edderes\u00a0Tech\u00a02026\" tabindex=\"-1\" >\n\t\t\tLeer m\u00e1s\u00bb\t\t<\/a>\n\n\t\t\t\t<\/div>\n\t\t\t\t<\/article>\n\t\t\t\t<article class=\"elementor-post elementor-grid-item post-19968 post type-post status-publish format-standard has-post-thumbnail hentry category-noticias tag-becas-2 tag-empoderamiento tag-ninas\">\n\t\t\t\t<a class=\"elementor-post__thumbnail__link\" href=\"https:\/\/fundaciongloriakriete.org\/en_us\/fundacion-gloria-kriete-participa-en-el-evento-mujeres-emblematicas-el-salvador-2026\/\" tabindex=\"-1\" >\n\t\t\t<div class=\"elementor-post__thumbnail\"><img decoding=\"async\" width=\"300\" height=\"200\" src=\"https:\/\/fundaciongloriakriete.org\/wp-content\/uploads\/2026\/03\/MujeresEmblematicas-6-300x200.jpg\" class=\"attachment-medium size-medium wp-image-19979\" alt=\"\" srcset=\"https:\/\/fundaciongloriakriete.org\/wp-content\/uploads\/2026\/03\/MujeresEmblematicas-6-300x200.jpg 300w, https:\/\/fundaciongloriakriete.org\/wp-content\/uploads\/2026\/03\/MujeresEmblematicas-6-1024x683.jpg 1024w, https:\/\/fundaciongloriakriete.org\/wp-content\/uploads\/2026\/03\/MujeresEmblematicas-6-768x512.jpg 768w, https:\/\/fundaciongloriakriete.org\/wp-content\/uploads\/2026\/03\/MujeresEmblematicas-6-1536x1024.jpg 1536w, https:\/\/fundaciongloriakriete.org\/wp-content\/uploads\/2026\/03\/MujeresEmblematicas-6-2048x1366.jpg 2048w, https:\/\/fundaciongloriakriete.org\/wp-content\/uploads\/2026\/03\/MujeresEmblematicas-6-18x12.jpg 18w\" sizes=\"(max-width: 300px) 100vw, 300px\" \/><\/div>\n\t\t<\/a>\n\t\t\t\t<div class=\"elementor-post__text\">\n\t\t\t\t<h3 class=\"elementor-post__title\">\n\t\t\t<a href=\"https:\/\/fundaciongloriakriete.org\/en_us\/fundacion-gloria-kriete-participa-en-el-evento-mujeres-emblematicas-el-salvador-2026\/\" >\n\t\t\t\tFundaci\u00f3n Gloria\u00a0Kriete\u00a0participa en el evento Mujeres Emblem\u00e1ticas El Salvador 2026\t\t\t<\/a>\n\t\t<\/h3>\n\t\t\n\t\t<a class=\"elementor-post__read-more\" href=\"https:\/\/fundaciongloriakriete.org\/en_us\/fundacion-gloria-kriete-participa-en-el-evento-mujeres-emblematicas-el-salvador-2026\/\" aria-label=\"Read more about Fundaci\u00f3n Gloria\u00a0Kriete\u00a0participa en el evento Mujeres Emblem\u00e1ticas El Salvador 2026\" tabindex=\"-1\" >\n\t\t\tLeer m\u00e1s\u00bb\t\t<\/a>\n\n\t\t\t\t<\/div>\n\t\t\t\t<\/article>\n\t\t\t\t<article class=\"elementor-post elementor-grid-item post-19938 post type-post status-publish format-standard has-post-thumbnail hentry category-noticias tag-becas-2 tag-becas tag-diploma tag-educacion-2 tag-empleo tag-fgk tag-fundacion tag-ong tag-tuchance\">\n\t\t\t\t<a class=\"elementor-post__thumbnail__link\" href=\"https:\/\/fundaciongloriakriete.org\/en_us\/convocatorias-fgk-2026-un-ecosistema-que-transforma-el-salvador\/\" tabindex=\"-1\" >\n\t\t\t<div class=\"elementor-post__thumbnail\"><img decoding=\"async\" width=\"300\" height=\"168\" src=\"https:\/\/fundaciongloriakriete.org\/wp-content\/uploads\/2026\/02\/Data-300x168.png\" class=\"attachment-medium size-medium wp-image-19941\" alt=\"\" srcset=\"https:\/\/fundaciongloriakriete.org\/wp-content\/uploads\/2026\/02\/Data-300x168.png 300w, https:\/\/fundaciongloriakriete.org\/wp-content\/uploads\/2026\/02\/Data-1024x572.png 1024w, https:\/\/fundaciongloriakriete.org\/wp-content\/uploads\/2026\/02\/Data-768x429.png 768w, https:\/\/fundaciongloriakriete.org\/wp-content\/uploads\/2026\/02\/Data-1536x859.png 1536w, https:\/\/fundaciongloriakriete.org\/wp-content\/uploads\/2026\/02\/Data-2048x1145.png 2048w, https:\/\/fundaciongloriakriete.org\/wp-content\/uploads\/2026\/02\/Data-18x10.png 18w\" sizes=\"(max-width: 300px) 100vw, 300px\" \/><\/div>\n\t\t<\/a>\n\t\t\t\t<div class=\"elementor-post__text\">\n\t\t\t\t<h3 class=\"elementor-post__title\">\n\t\t\t<a href=\"https:\/\/fundaciongloriakriete.org\/en_us\/convocatorias-fgk-2026-un-ecosistema-que-transforma-el-salvador\/\" >\n\t\t\t\tFundaci\u00f3n Gloria Kriete lanza Convocatorias 2026: Un Ecosistema que transforma El Salvador\t\t\t<\/a>\n\t\t<\/h3>\n\t\t\n\t\t<a class=\"elementor-post__read-more\" href=\"https:\/\/fundaciongloriakriete.org\/en_us\/convocatorias-fgk-2026-un-ecosistema-que-transforma-el-salvador\/\" aria-label=\"Read more about Fundaci\u00f3n Gloria Kriete lanza Convocatorias 2026: Un Ecosistema que transforma El Salvador\" tabindex=\"-1\" >\n\t\t\tLeer m\u00e1s\u00bb\t\t<\/a>\n\n\t\t\t\t<\/div>\n\t\t\t\t<\/article>\n\t\t\t\t<\/div>\n\t\t\n\t\t\t\t\t\t<\/div>\n\t\t\t\t<\/div>\n\t\t\t\t<div class=\"elementor-element elementor-element-75aeeffc elementor-widget elementor-widget-heading\" data-id=\"75aeeffc\" data-element_type=\"widget\" data-widget_type=\"heading.default\">\n\t\t\t\t<div class=\"elementor-widget-container\">\n\t\t\t\t\t<h4 class=\"elementor-heading-title elementor-size-default\">S\u00edguenos<\/h4>\t\t\t\t<\/div>\n\t\t\t\t<\/div>\n\t\t\t\t<div class=\"elementor-element elementor-element-444fd22e elementor-widget elementor-widget-facebook-page\" data-id=\"444fd22e\" data-element_type=\"widget\" data-widget_type=\"facebook-page.default\">\n\t\t\t\t<div class=\"elementor-widget-container\">\n\t\t\t\t\t<div class=\"elementor-facebook-widget fb-page\" data-href=\"https:\/\/www.facebook.com\/fundacionkriete\" data-tabs=\"\" data-height=\"220px\" data-width=\"500px\" data-small-header=\"false\" data-hide-cover=\"false\" data-show-facepile=\"true\" data-hide-cta=\"false\" style=\"min-height: 1px;height:220px\"><\/div>\t\t\t\t<\/div>\n\t\t\t\t<\/div>\n\t\t\t\t\t<\/div>\n\t\t<\/div>\n\t\t\t\t\t<\/div>\n\t\t<\/section>\n\t\t\t\t<section class=\"elementor-section elementor-top-section elementor-element elementor-element-6c0b60a2 elementor-hidden-tablet elementor-hidden-mobile elementor-section-boxed elementor-section-height-default elementor-section-height-default\" data-id=\"6c0b60a2\" data-element_type=\"section\" data-settings=\"{&quot;background_background&quot;:&quot;classic&quot;}\">\n\t\t\t\t\t\t<div class=\"elementor-container elementor-column-gap-default\">\n\t\t\t\t\t<div class=\"elementor-column elementor-col-100 elementor-top-column elementor-element elementor-element-587ad134\" data-id=\"587ad134\" data-element_type=\"column\">\n\t\t\t<div class=\"elementor-widget-wrap\">\n\t\t\t\t\t\t\t<\/div>\n\t\t<\/div>\n\t\t\t\t\t<\/div>\n\t\t<\/section>\n\t\t\t\t<\/div>","protected":false},"excerpt":{"rendered":"<p>Kodigo, Programa Apoyado por la Fundaci\u00f3n Gloria Kriete, recibi\u00f3 el premio a L\u00edderes Tech 2026 en los Premios DYN (Derechos y Negocios), en reconocimiento al trabajo que realiza junto a Key Institute para impulsar el talento digital en El Salvador. <\/p>","protected":false},"author":1,"featured_media":20277,"comment_status":"closed","ping_status":"open","sticky":false,"template":"elementor_header_footer","format":"standard","meta":{"om_disable_all_campaigns":false,"_monsterinsights_skip_tracking":false,"_monsterinsights_sitenote_active":false,"_monsterinsights_sitenote_note":"","_monsterinsights_sitenote_category":0,"_uf_show_specific_survey":0,"_uf_disable_surveys":false,"footnotes":""},"categories":[12],"tags":[74,33,75,76,73],"class_list":["post-20269","post","type-post","status-publish","format-standard","has-post-thumbnail","hentry","category-noticias","tag-digital","tag-innovacion","tag-premio","tag-reconocimiento","tag-tecnologia"],"yoast_head":"<!-- This site is optimized with the Yoast SEO plugin v21.0 - https:\/\/yoast.com\/wordpress\/plugins\/seo\/ -->\n<title>Kodigo, Programa Apoyado de la FGK recibe premio: L\u00edderes\u00a0Tech\u00a02026 - FGK<\/title>\n<meta name=\"robots\" content=\"index, follow, max-snippet:-1, max-image-preview:large, max-video-preview:-1\" \/>\n<link rel=\"canonical\" href=\"https:\/\/fundaciongloriakriete.org\/en_us\/kodigo-programa-apoyado-de-la-fgk-recibe-premio-lideres-tech-2026\/\" \/>\n<meta property=\"og:locale\" content=\"en_US\" \/>\n<meta property=\"og:type\" content=\"article\" \/>\n<meta property=\"og:title\" content=\"Kodigo, Programa Apoyado de la FGK recibe premio: L\u00edderes\u00a0Tech\u00a02026 - FGK\" \/>\n<meta property=\"og:description\" content=\"Kodigo, Programa Apoyado por la Fundaci\u00f3n Gloria Kriete, recibi\u00f3 el premio a L\u00edderes Tech 2026 en los Premios DYN (Derechos y Negocios), en reconocimiento al trabajo que realiza junto a Key Institute para impulsar el talento digital en El Salvador.\" \/>\n<meta property=\"og:url\" content=\"https:\/\/fundaciongloriakriete.org\/en_us\/kodigo-programa-apoyado-de-la-fgk-recibe-premio-lideres-tech-2026\/\" \/>\n<meta property=\"og:site_name\" content=\"FGK\" \/>\n<meta property=\"article:published_time\" content=\"2026-04-28T16:24:18+00:00\" \/>\n<meta property=\"article:modified_time\" content=\"2026-04-28T16:24:19+00:00\" \/>\n<meta property=\"og:image\" content=\"https:\/\/fundaciongloriakriete.org\/wp-content\/uploads\/2026\/04\/Reconocimiento-Kodigo-17-1024x683.jpg\" \/>\n\t<meta property=\"og:image:width\" content=\"1024\" \/>\n\t<meta property=\"og:image:height\" content=\"683\" \/>\n\t<meta property=\"og:image:type\" content=\"image\/jpeg\" \/>\n<meta name=\"author\" content=\"admin\" \/>\n<meta name=\"twitter:card\" content=\"summary_large_image\" \/>\n<meta name=\"twitter:label1\" content=\"Written by\" \/>\n\t<meta name=\"twitter:data1\" content=\"admin\" \/>\n\t<meta name=\"twitter:label2\" content=\"Est. reading time\" \/>\n\t<meta name=\"twitter:data2\" content=\"3 minutes\" \/>\n<script type=\"application\/ld+json\" class=\"yoast-schema-graph\">{\"@context\":\"https:\/\/schema.org\",\"@graph\":[{\"@type\":\"Article\",\"@id\":\"https:\/\/fundaciongloriakriete.org\/kodigo-programa-apoyado-de-la-fgk-recibe-premio-lideres-tech-2026\/#article\",\"isPartOf\":{\"@id\":\"https:\/\/fundaciongloriakriete.org\/kodigo-programa-apoyado-de-la-fgk-recibe-premio-lideres-tech-2026\/\"},\"author\":{\"name\":\"admin\",\"@id\":\"https:\/\/fundaciongloriakriete.org\/#\/schema\/person\/6a37c8656ba42003ea23c511de56139c\"},\"headline\":\"Kodigo, Programa Apoyado de la FGK recibe premio: L\u00edderes\u00a0Tech\u00a02026\",\"datePublished\":\"2026-04-28T16:24:18+00:00\",\"dateModified\":\"2026-04-28T16:24:19+00:00\",\"mainEntityOfPage\":{\"@id\":\"https:\/\/fundaciongloriakriete.org\/kodigo-programa-apoyado-de-la-fgk-recibe-premio-lideres-tech-2026\/\"},\"wordCount\":353,\"publisher\":{\"@id\":\"https:\/\/fundaciongloriakriete.org\/#organization\"},\"keywords\":[\"digital\",\"Innovaci\u00f3n\",\"premio\",\"reconocimiento\",\"tecnolog\u00eda\"],\"articleSection\":[\"Noticias\"],\"inLanguage\":\"en-US\"},{\"@type\":\"WebPage\",\"@id\":\"https:\/\/fundaciongloriakriete.org\/kodigo-programa-apoyado-de-la-fgk-recibe-premio-lideres-tech-2026\/\",\"url\":\"https:\/\/fundaciongloriakriete.org\/kodigo-programa-apoyado-de-la-fgk-recibe-premio-lideres-tech-2026\/\",\"name\":\"Kodigo, Programa Apoyado de la FGK recibe premio: L\u00edderes\u00a0Tech\u00a02026 - FGK\",\"isPartOf\":{\"@id\":\"https:\/\/fundaciongloriakriete.org\/#website\"},\"datePublished\":\"2026-04-28T16:24:18+00:00\",\"dateModified\":\"2026-04-28T16:24:19+00:00\",\"breadcrumb\":{\"@id\":\"https:\/\/fundaciongloriakriete.org\/kodigo-programa-apoyado-de-la-fgk-recibe-premio-lideres-tech-2026\/#breadcrumb\"},\"inLanguage\":\"en-US\",\"potentialAction\":[{\"@type\":\"ReadAction\",\"target\":[\"https:\/\/fundaciongloriakriete.org\/kodigo-programa-apoyado-de-la-fgk-recibe-premio-lideres-tech-2026\/\"]}]},{\"@type\":\"BreadcrumbList\",\"@id\":\"https:\/\/fundaciongloriakriete.org\/kodigo-programa-apoyado-de-la-fgk-recibe-premio-lideres-tech-2026\/#breadcrumb\",\"itemListElement\":[{\"@type\":\"ListItem\",\"position\":1,\"name\":\"Portada\",\"item\":\"https:\/\/fundaciongloriakriete.org\/\"},{\"@type\":\"ListItem\",\"position\":2,\"name\":\"Kodigo, Programa Apoyado de la FGK recibe premio: L\u00edderes\u00a0Tech\u00a02026\"}]},{\"@type\":\"WebSite\",\"@id\":\"https:\/\/fundaciongloriakriete.org\/#website\",\"url\":\"https:\/\/fundaciongloriakriete.org\/\",\"name\":\"FGK\",\"description\":\"Fundaci\u00f3n Gloria Kriete\",\"publisher\":{\"@id\":\"https:\/\/fundaciongloriakriete.org\/#organization\"},\"potentialAction\":[{\"@type\":\"SearchAction\",\"target\":{\"@type\":\"EntryPoint\",\"urlTemplate\":\"https:\/\/fundaciongloriakriete.org\/?s={search_term_string}\"},\"query-input\":\"required name=search_term_string\"}],\"inLanguage\":\"en-US\"},{\"@type\":\"Organization\",\"@id\":\"https:\/\/fundaciongloriakriete.org\/#organization\",\"name\":\"FGK\",\"url\":\"https:\/\/fundaciongloriakriete.org\/\",\"logo\":{\"@type\":\"ImageObject\",\"inLanguage\":\"en-US\",\"@id\":\"https:\/\/fundaciongloriakriete.org\/#\/schema\/logo\/image\/\",\"url\":\"https:\/\/fundaciongloriakriete.org\/wp-content\/uploads\/2022\/10\/Horizontal02.png\",\"contentUrl\":\"https:\/\/fundaciongloriakriete.org\/wp-content\/uploads\/2022\/10\/Horizontal02.png\",\"width\":1366,\"height\":520,\"caption\":\"FGK\"},\"image\":{\"@id\":\"https:\/\/fundaciongloriakriete.org\/#\/schema\/logo\/image\/\"}},{\"@type\":\"Person\",\"@id\":\"https:\/\/fundaciongloriakriete.org\/#\/schema\/person\/6a37c8656ba42003ea23c511de56139c\",\"name\":\"admin\",\"image\":{\"@type\":\"ImageObject\",\"inLanguage\":\"en-US\",\"@id\":\"https:\/\/fundaciongloriakriete.org\/#\/schema\/person\/image\/\",\"url\":\"https:\/\/secure.gravatar.com\/avatar\/ed20a69ff001f3c139501429d9b1fb54654bd8ad988a8129ccf32eeba4c9cbfb?s=96&d=mm&r=g\",\"contentUrl\":\"https:\/\/secure.gravatar.com\/avatar\/ed20a69ff001f3c139501429d9b1fb54654bd8ad988a8129ccf32eeba4c9cbfb?s=96&d=mm&r=g\",\"caption\":\"admin\"},\"sameAs\":[\"http:\/\/localhost\/fundacion\"],\"url\":\"https:\/\/fundaciongloriakriete.org\/en_us\/author\/admin\/\"}]}<\/script>\n<!-- \/ Yoast SEO plugin. -->","yoast_head_json":{"title":"Kodigo, Programa Apoyado de la FGK recibe premio: L\u00edderes\u00a0Tech\u00a02026 - FGK","robots":{"index":"index","follow":"follow","max-snippet":"max-snippet:-1","max-image-preview":"max-image-preview:large","max-video-preview":"max-video-preview:-1"},"canonical":"https:\/\/fundaciongloriakriete.org\/en_us\/kodigo-programa-apoyado-de-la-fgk-recibe-premio-lideres-tech-2026\/","og_locale":"en_US","og_type":"article","og_title":"Kodigo, Programa Apoyado de la FGK recibe premio: L\u00edderes\u00a0Tech\u00a02026 - FGK","og_description":"Kodigo, Programa Apoyado por la Fundaci\u00f3n Gloria Kriete, recibi\u00f3 el premio a L\u00edderes Tech 2026 en los Premios DYN (Derechos y Negocios), en reconocimiento al trabajo que realiza junto a Key Institute para impulsar el talento digital en El Salvador.","og_url":"https:\/\/fundaciongloriakriete.org\/en_us\/kodigo-programa-apoyado-de-la-fgk-recibe-premio-lideres-tech-2026\/","og_site_name":"FGK","article_published_time":"2026-04-28T16:24:18+00:00","article_modified_time":"2026-04-28T16:24:19+00:00","og_image":[{"width":1024,"height":683,"url":"https:\/\/fundaciongloriakriete.org\/wp-content\/uploads\/2026\/04\/Reconocimiento-Kodigo-17-1024x683.jpg","type":"image\/jpeg"}],"author":"admin","twitter_card":"summary_large_image","twitter_misc":{"Written by":"admin","Est. reading time":"3 minutes"},"schema":{"@context":"https:\/\/schema.org","@graph":[{"@type":"Article","@id":"https:\/\/fundaciongloriakriete.org\/kodigo-programa-apoyado-de-la-fgk-recibe-premio-lideres-tech-2026\/#article","isPartOf":{"@id":"https:\/\/fundaciongloriakriete.org\/kodigo-programa-apoyado-de-la-fgk-recibe-premio-lideres-tech-2026\/"},"author":{"name":"admin","@id":"https:\/\/fundaciongloriakriete.org\/#\/schema\/person\/6a37c8656ba42003ea23c511de56139c"},"headline":"Kodigo, Programa Apoyado de la FGK recibe premio: L\u00edderes\u00a0Tech\u00a02026","datePublished":"2026-04-28T16:24:18+00:00","dateModified":"2026-04-28T16:24:19+00:00","mainEntityOfPage":{"@id":"https:\/\/fundaciongloriakriete.org\/kodigo-programa-apoyado-de-la-fgk-recibe-premio-lideres-tech-2026\/"},"wordCount":353,"publisher":{"@id":"https:\/\/fundaciongloriakriete.org\/#organization"},"keywords":["digital","Innovaci\u00f3n","premio","reconocimiento","tecnolog\u00eda"],"articleSection":["Noticias"],"inLanguage":"en-US"},{"@type":"WebPage","@id":"https:\/\/fundaciongloriakriete.org\/kodigo-programa-apoyado-de-la-fgk-recibe-premio-lideres-tech-2026\/","url":"https:\/\/fundaciongloriakriete.org\/kodigo-programa-apoyado-de-la-fgk-recibe-premio-lideres-tech-2026\/","name":"Kodigo, Programa Apoyado de la FGK recibe premio: L\u00edderes\u00a0Tech\u00a02026 - FGK","isPartOf":{"@id":"https:\/\/fundaciongloriakriete.org\/#website"},"datePublished":"2026-04-28T16:24:18+00:00","dateModified":"2026-04-28T16:24:19+00:00","breadcrumb":{"@id":"https:\/\/fundaciongloriakriete.org\/kodigo-programa-apoyado-de-la-fgk-recibe-premio-lideres-tech-2026\/#breadcrumb"},"inLanguage":"en-US","potentialAction":[{"@type":"ReadAction","target":["https:\/\/fundaciongloriakriete.org\/kodigo-programa-apoyado-de-la-fgk-recibe-premio-lideres-tech-2026\/"]}]},{"@type":"BreadcrumbList","@id":"https:\/\/fundaciongloriakriete.org\/kodigo-programa-apoyado-de-la-fgk-recibe-premio-lideres-tech-2026\/#breadcrumb","itemListElement":[{"@type":"ListItem","position":1,"name":"Portada","item":"https:\/\/fundaciongloriakriete.org\/"},{"@type":"ListItem","position":2,"name":"Kodigo, Programa Apoyado de la FGK recibe premio: L\u00edderes\u00a0Tech\u00a02026"}]},{"@type":"WebSite","@id":"https:\/\/fundaciongloriakriete.org\/#website","url":"https:\/\/fundaciongloriakriete.org\/","name":"FGK","description":"Fundaci\u00f3n Gloria Kriete","publisher":{"@id":"https:\/\/fundaciongloriakriete.org\/#organization"},"potentialAction":[{"@type":"SearchAction","target":{"@type":"EntryPoint","urlTemplate":"https:\/\/fundaciongloriakriete.org\/?s={search_term_string}"},"query-input":"required name=search_term_string"}],"inLanguage":"en-US"},{"@type":"Organization","@id":"https:\/\/fundaciongloriakriete.org\/#organization","name":"FGK","url":"https:\/\/fundaciongloriakriete.org\/","logo":{"@type":"ImageObject","inLanguage":"en-US","@id":"https:\/\/fundaciongloriakriete.org\/#\/schema\/logo\/image\/","url":"https:\/\/fundaciongloriakriete.org\/wp-content\/uploads\/2022\/10\/Horizontal02.png","contentUrl":"https:\/\/fundaciongloriakriete.org\/wp-content\/uploads\/2022\/10\/Horizontal02.png","width":1366,"height":520,"caption":"FGK"},"image":{"@id":"https:\/\/fundaciongloriakriete.org\/#\/schema\/logo\/image\/"}},{"@type":"Person","@id":"https:\/\/fundaciongloriakriete.org\/#\/schema\/person\/6a37c8656ba42003ea23c511de56139c","name":"admin","image":{"@type":"ImageObject","inLanguage":"en-US","@id":"https:\/\/fundaciongloriakriete.org\/#\/schema\/person\/image\/","url":"https:\/\/secure.gravatar.com\/avatar\/ed20a69ff001f3c139501429d9b1fb54654bd8ad988a8129ccf32eeba4c9cbfb?s=96&d=mm&r=g","contentUrl":"https:\/\/secure.gravatar.com\/avatar\/ed20a69ff001f3c139501429d9b1fb54654bd8ad988a8129ccf32eeba4c9cbfb?s=96&d=mm&r=g","caption":"admin"},"sameAs":["http:\/\/localhost\/fundacion"],"url":"https:\/\/fundaciongloriakriete.org\/en_us\/author\/admin\/"}]}},"_links":{"self":[{"href":"https:\/\/fundaciongloriakriete.org\/en_us\/wp-json\/wp\/v2\/posts\/20269","targetHints":{"allow":["GET"]}}],"collection":[{"href":"https:\/\/fundaciongloriakriete.org\/en_us\/wp-json\/wp\/v2\/posts"}],"about":[{"href":"https:\/\/fundaciongloriakriete.org\/en_us\/wp-json\/wp\/v2\/types\/post"}],"author":[{"embeddable":true,"href":"https:\/\/fundaciongloriakriete.org\/en_us\/wp-json\/wp\/v2\/users\/1"}],"replies":[{"embeddable":true,"href":"https:\/\/fundaciongloriakriete.org\/en_us\/wp-json\/wp\/v2\/comments?post=20269"}],"version-history":[{"count":6,"href":"https:\/\/fundaciongloriakriete.org\/en_us\/wp-json\/wp\/v2\/posts\/20269\/revisions"}],"predecessor-version":[{"id":20281,"href":"https:\/\/fundaciongloriakriete.org\/en_us\/wp-json\/wp\/v2\/posts\/20269\/revisions\/20281"}],"wp:featuredmedia":[{"embeddable":true,"href":"https:\/\/fundaciongloriakriete.org\/en_us\/wp-json\/wp\/v2\/media\/20277"}],"wp:attachment":[{"href":"https:\/\/fundaciongloriakriete.org\/en_us\/wp-json\/wp\/v2\/media?parent=20269"}],"wp:term":[{"taxonomy":"category","embeddable":true,"href":"https:\/\/fundaciongloriakriete.org\/en_us\/wp-json\/wp\/v2\/categories?post=20269"},{"taxonomy":"post_tag","embeddable":true,"href":"https:\/\/fundaciongloriakriete.org\/en_us\/wp-json\/wp\/v2\/tags?post=20269"}],"curies":[{"name":"wp","href":"https:\/\/api.w.org\/{rel}","templated":true}]}}